{"id":8370,"date":"2020-05-06T22:49:00","date_gmt":"2020-05-06T22:49:00","guid":{"rendered":"https:\/\/gdi.com\/rappel-gdi-services-aux-immeubles-inc-assemblee-annuelle-des-actionnaires\/"},"modified":"2020-05-06T22:49:00","modified_gmt":"2020-05-06T22:49:00","slug":"rappel-gdi-services-aux-immeubles-inc-assemblee-annuelle-des-actionnaires","status":"publish","type":"post","link":"https:\/\/gdi.com\/fr\/rappel-gdi-services-aux-immeubles-inc-assemblee-annuelle-des-actionnaires\/","title":{"rendered":"Rappel \/ GDI Services aux immeubles inc.: assembl\u00e9e annuelle des actionnaires"},"content":{"rendered":"<p class=\"prntac\"><b>DATE DE L&rsquo;ASSEMBL\u00c9E ET APPEL CONF\u00c9RENCE<\/b> <\/p>   <p> <span class=\"xn-location\">LASALLE, QC<\/span>, le 6 mai 2020 \/CNW Telbec\/ &#8211;\u00a0GDI Services aux immeubles inc. (\u00ab\u00a0<b>GDI\u00a0<\/b>\u00bb) (TSX: GDI) rappelle aux actionnaires et aux fond\u00e9s de pouvoir d\u00fbment nomm\u00e9s de GDI que son assembl\u00e9e annuelle des actionnaires se tiendra \u00e0 9 h (heure de l&rsquo;Est) le 8 mai 2020. Les actionnaires et les fond\u00e9s de pouvoir d\u00fbment nomm\u00e9s pourront assister \u00e0 l&rsquo;assembl\u00e9e par conf\u00e9rence t\u00e9l\u00e9phonique en composant <b>le\u00a01\u00a0888\u00a0664-6392 (sans frais en Am\u00e9rique du Nord) ou le\u00a0416\u00a0764-8659 (<span class=\"xn-location\">Toronto<\/span>) et en entrant le num\u00e9ro d&rsquo;identification de la conf\u00e9rence<\/b> <b>05064099<\/b> \u00e0 9 h (heure de l&rsquo;Est) le 8 mai 2020. <\/p> <p> <b>GDI rappelle aux actionnaires qu&rsquo;\u00e0 la lumi\u00e8re de la pand\u00e9mie de COVID-19 en cours, aucun administrateur ni dirigeant de GDI ne sera pr\u00e9sent sur les lieux de l&rsquo;assembl\u00e9e de GDI, \u00e0 l&rsquo;exception des personnes dont la pr\u00e9sence est n\u00e9cessaire pour assurer le bon d\u00e9roulement de l&rsquo;assembl\u00e9e. GDI rappelle \u00e9galement aux actionnaires et aux fond\u00e9s de pouvoir d\u00fbment nomm\u00e9s qu&rsquo;elle pourrait \u00eatre oblig\u00e9e de leur refuser l&rsquo;acc\u00e8s \u00e0 l&rsquo;assembl\u00e9e si une telle mesure est jug\u00e9e n\u00e9cessaire ou appropri\u00e9e conform\u00e9ment aux recommandations, directives, d\u00e9crets ou ordonnances des gouvernements du Qu\u00e9bec et du <span class=\"xn-location\">Canada<\/span>. Pour ces raisons, et compte tenu des circonstances exceptionnelles, les actionnaires sont pri\u00e9s de voter avant l&rsquo;assembl\u00e9e et de ne pas se pr\u00e9senter en personne \u00e0 l&rsquo;assembl\u00e9e.<\/b> <\/p> <p> Pour de plus amples renseignements, veuillez vous reporter \u00e0 l&rsquo;avis de convocation \u00e0 l&rsquo;assembl\u00e9e annuelle des actionnaires et \u00e0 la circulaire de sollicitation de procurations de la direction dat\u00e9e du 30\u00a0mars 2020 de GDI, qui peuvent \u00eatre consult\u00e9s sous le profil de GDI sur SEDAR \u00e0 l&rsquo;adresse <a target=\"_blank\" href=\"https:\/\/c212.net\/c\/link\/?t=0&amp;l=fr&amp;o=2797152-1&amp;h=352930727&amp;u=http%3A%2F%2Fwww.sedar.com%2F&amp;a=www.sedar.com\" rel=\"nofollow noopener\">www.sedar.com<\/a>\u00a0ainsi qu&rsquo;\u00e0 l&rsquo;adresse <a target=\"_blank\" href=\"https:\/\/c212.net\/c\/link\/?t=0&amp;l=fr&amp;o=2797152-1&amp;h=3206127293&amp;u=http%3A%2F%2Fwww.documentsassemblee.com%2Fastca%2FGDI_fr&amp;a=www.documentsassemblee.com%2Fastca%2FGDI_fr\" rel=\"nofollow noopener\">www.documentsassemblee.com\/astca\/GDI_fr<\/a>. <\/p> <p> SOURCE  GDI Services aux immeubles inc. <\/p> <img decoding=\"async\" alt=\"\" src=\"https:\/\/rt.newswire.ca\/rt.gif?NewsItemId=C2726&amp;Transmission_Id=202005061749CANADANWCANADAPF_C2726&amp;DateId=20200506\" style=\"border:0px; width:1px; height:1px;\"\/>   ","protected":false},"excerpt":{"rendered":"<p>GDI Services aux immeubles inc. (\u00ab GDI \u00bb) (TSX: GDI) rappelle aux actionnaires et aux fond\u00e9s de pouvoir d\u00fbment nomm\u00e9s de GDI que son assembl\u00e9e annuelle des actionnaires se tiendra \u00e0 9 h&#8230;<\/p>\n","protected":false},"author":48,"featured_media":0,"comment_status":"","ping_status":"","sticky":false,"template":"","format":"standard","meta":{"_acf_changed":false,"footnotes":""},"categories":[],"tags":[],"class_list":["post-8370","post","type-post","status-publish","format-standard","hentry"],"acf":[],"yoast_head":"<!-- This site is optimized with the Yoast SEO Premium plugin v26.2 (Yoast SEO v26.2) - https:\/\/yoast.com\/wordpress\/plugins\/seo\/ -->\n<title>Rappel \/ GDI Services aux immeubles inc.: assembl\u00e9e annuelle des actionnaires - GDI.com<\/title>\n<meta name=\"robots\" content=\"index, follow, max-snippet:-1, max-image-preview:large, max-video-preview:-1\" \/>\n<link rel=\"canonical\" href=\"https:\/\/gdi.com\/fr\/rappel-gdi-services-aux-immeubles-inc-assemblee-annuelle-des-actionnaires\/\" \/>\n<meta property=\"og:locale\" content=\"fr_FR\" \/>\n<meta property=\"og:type\" content=\"article\" \/>\n<meta property=\"og:title\" content=\"Rappel \/ GDI Services aux immeubles inc.: assembl\u00e9e annuelle des actionnaires\" \/>\n<meta property=\"og:description\" content=\"GDI Services aux immeubles inc. (\u00ab GDI \u00bb) (TSX: GDI) rappelle aux actionnaires et aux fond\u00e9s de pouvoir d\u00fbment nomm\u00e9s de GDI que son assembl\u00e9e annuelle des actionnaires se tiendra \u00e0 9 h...\" \/>\n<meta property=\"og:url\" content=\"https:\/\/gdi.com\/fr\/rappel-gdi-services-aux-immeubles-inc-assemblee-annuelle-des-actionnaires\/\" \/>\n<meta property=\"og:site_name\" content=\"GDI.com\" \/>\n<meta property=\"article:publisher\" content=\"https:\/\/www.facebook.com\/GDIFacilityServices\/\" \/>\n<meta property=\"article:published_time\" content=\"2020-05-06T22:49:00+00:00\" \/>\n<meta property=\"og:image\" content=\"https:\/\/rt.newswire.ca\/rt.gif?NewsItemId=C2726&amp;Transmission_Id=202005061749CANADANWCANADAPF_C2726&amp;DateId=20200506\" \/>\n<meta name=\"author\" content=\"Sync Data\" \/>\n<meta name=\"twitter:card\" content=\"summary_large_image\" \/>\n<meta name=\"twitter:creator\" content=\"@GDIServices\" \/>\n<meta name=\"twitter:site\" content=\"@GDIServices\" \/>\n<script type=\"application\/ld+json\" class=\"yoast-schema-graph\">{\"@context\":\"https:\/\/schema.org\",\"@graph\":[{\"@type\":\"Article\",\"@id\":\"https:\/\/gdi.com\/fr\/rappel-gdi-services-aux-immeubles-inc-assemblee-annuelle-des-actionnaires\/#article\",\"isPartOf\":{\"@id\":\"https:\/\/gdi.com\/fr\/rappel-gdi-services-aux-immeubles-inc-assemblee-annuelle-des-actionnaires\/\"},\"author\":{\"name\":\"Sync Data\",\"@id\":\"https:\/\/gdi.com\/fr\/#\/schema\/person\/47011ef394429b40a620a3240aa73e8f\"},\"headline\":\"Rappel \/ GDI Services aux immeubles inc.: assembl\u00e9e annuelle des actionnaires\",\"datePublished\":\"2020-05-06T22:49:00+00:00\",\"mainEntityOfPage\":{\"@id\":\"https:\/\/gdi.com\/fr\/rappel-gdi-services-aux-immeubles-inc-assemblee-annuelle-des-actionnaires\/\"},\"wordCount\":337,\"publisher\":{\"@id\":\"https:\/\/gdi.com\/fr\/#organization\"},\"image\":{\"@id\":\"https:\/\/gdi.com\/fr\/rappel-gdi-services-aux-immeubles-inc-assemblee-annuelle-des-actionnaires\/#primaryimage\"},\"thumbnailUrl\":\"https:\/\/rt.newswire.ca\/rt.gif?NewsItemId=C2726&amp;Transmission_Id=202005061749CANADANWCANADAPF_C2726&amp;DateId=20200506\",\"inLanguage\":\"fr-FR\"},{\"@type\":\"WebPage\",\"@id\":\"https:\/\/gdi.com\/fr\/rappel-gdi-services-aux-immeubles-inc-assemblee-annuelle-des-actionnaires\/\",\"url\":\"https:\/\/gdi.com\/fr\/rappel-gdi-services-aux-immeubles-inc-assemblee-annuelle-des-actionnaires\/\",\"name\":\"Rappel \/ GDI Services aux immeubles inc.: assembl\u00e9e annuelle des actionnaires - GDI.com\",\"isPartOf\":{\"@id\":\"https:\/\/gdi.com\/fr\/#website\"},\"primaryImageOfPage\":{\"@id\":\"https:\/\/gdi.com\/fr\/rappel-gdi-services-aux-immeubles-inc-assemblee-annuelle-des-actionnaires\/#primaryimage\"},\"image\":{\"@id\":\"https:\/\/gdi.com\/fr\/rappel-gdi-services-aux-immeubles-inc-assemblee-annuelle-des-actionnaires\/#primaryimage\"},\"thumbnailUrl\":\"https:\/\/rt.newswire.ca\/rt.gif?NewsItemId=C2726&amp;Transmission_Id=202005061749CANADANWCANADAPF_C2726&amp;DateId=20200506\",\"datePublished\":\"2020-05-06T22:49:00+00:00\",\"breadcrumb\":{\"@id\":\"https:\/\/gdi.com\/fr\/rappel-gdi-services-aux-immeubles-inc-assemblee-annuelle-des-actionnaires\/#breadcrumb\"},\"inLanguage\":\"fr-FR\",\"potentialAction\":[{\"@type\":\"ReadAction\",\"target\":[\"https:\/\/gdi.com\/fr\/rappel-gdi-services-aux-immeubles-inc-assemblee-annuelle-des-actionnaires\/\"]}]},{\"@type\":\"ImageObject\",\"inLanguage\":\"fr-FR\",\"@id\":\"https:\/\/gdi.com\/fr\/rappel-gdi-services-aux-immeubles-inc-assemblee-annuelle-des-actionnaires\/#primaryimage\",\"url\":\"https:\/\/rt.newswire.ca\/rt.gif?NewsItemId=C2726&amp;Transmission_Id=202005061749CANADANWCANADAPF_C2726&amp;DateId=20200506\",\"contentUrl\":\"https:\/\/rt.newswire.ca\/rt.gif?NewsItemId=C2726&amp;Transmission_Id=202005061749CANADANWCANADAPF_C2726&amp;DateId=20200506\"},{\"@type\":\"BreadcrumbList\",\"@id\":\"https:\/\/gdi.com\/fr\/rappel-gdi-services-aux-immeubles-inc-assemblee-annuelle-des-actionnaires\/#breadcrumb\",\"itemListElement\":[{\"@type\":\"ListItem\",\"position\":1,\"name\":\"ACCUEIL\",\"item\":\"https:\/\/gdi.com\/fr\/\"},{\"@type\":\"ListItem\",\"position\":2,\"name\":\"Rappel \/ GDI Services aux immeubles inc.: assembl\u00e9e annuelle des actionnaires\"}]},{\"@type\":\"WebSite\",\"@id\":\"https:\/\/gdi.com\/fr\/#website\",\"url\":\"https:\/\/gdi.com\/fr\/\",\"name\":\"GDI.com\",\"description\":\"Janitorial Services | GDI Integrated Facility Services\",\"publisher\":{\"@id\":\"https:\/\/gdi.com\/fr\/#organization\"},\"potentialAction\":[{\"@type\":\"SearchAction\",\"target\":{\"@type\":\"EntryPoint\",\"urlTemplate\":\"https:\/\/gdi.com\/fr\/?s={search_term_string}\"},\"query-input\":{\"@type\":\"PropertyValueSpecification\",\"valueRequired\":true,\"valueName\":\"search_term_string\"}}],\"inLanguage\":\"fr-FR\"},{\"@type\":\"Organization\",\"@id\":\"https:\/\/gdi.com\/fr\/#organization\",\"name\":\"GDI Integrated Facility Services\",\"url\":\"https:\/\/gdi.com\/fr\/\",\"logo\":{\"@type\":\"ImageObject\",\"inLanguage\":\"fr-FR\",\"@id\":\"https:\/\/gdi.com\/fr\/#\/schema\/logo\/image\/\",\"url\":\"https:\/\/gdi.com\/wp-content\/uploads\/2022\/04\/gdi-logo-color.svg\",\"contentUrl\":\"https:\/\/gdi.com\/wp-content\/uploads\/2022\/04\/gdi-logo-color.svg\",\"width\":1,\"height\":1,\"caption\":\"GDI Integrated Facility Services\"},\"image\":{\"@id\":\"https:\/\/gdi.com\/fr\/#\/schema\/logo\/image\/\"},\"sameAs\":[\"https:\/\/www.facebook.com\/GDIFacilityServices\/\",\"https:\/\/x.com\/GDIServices\",\"https:\/\/www.instagram.com\/gdifacilityservices\/\",\"https:\/\/www.linkedin.com\/company\/gdi-integrated-facility-services\/\"]},{\"@type\":\"Person\",\"@id\":\"https:\/\/gdi.com\/fr\/#\/schema\/person\/47011ef394429b40a620a3240aa73e8f\",\"name\":\"Sync Data\",\"image\":{\"@type\":\"ImageObject\",\"inLanguage\":\"fr-FR\",\"@id\":\"https:\/\/gdi.com\/fr\/#\/schema\/person\/image\/\",\"url\":\"https:\/\/secure.gravatar.com\/avatar\/fb098e1319986f96a340ee3893fe81538e902d33781ff036e440f277e999a9ea?s=96&d=mm&r=g\",\"contentUrl\":\"https:\/\/secure.gravatar.com\/avatar\/fb098e1319986f96a340ee3893fe81538e902d33781ff036e440f277e999a9ea?s=96&d=mm&r=g\",\"caption\":\"Sync Data\"},\"url\":\"https:\/\/gdi.com\/fr\/author\/bot\/\"}]}<\/script>\n<!-- \/ Yoast SEO Premium plugin. -->","yoast_head_json":{"title":"Rappel \/ GDI Services aux immeubles inc.: assembl\u00e9e annuelle des actionnaires - GDI.com","robots":{"index":"index","follow":"follow","max-snippet":"max-snippet:-1","max-image-preview":"max-image-preview:large","max-video-preview":"max-video-preview:-1"},"canonical":"https:\/\/gdi.com\/fr\/rappel-gdi-services-aux-immeubles-inc-assemblee-annuelle-des-actionnaires\/","og_locale":"fr_FR","og_type":"article","og_title":"Rappel \/ GDI Services aux immeubles inc.: assembl\u00e9e annuelle des actionnaires","og_description":"GDI Services aux immeubles inc. (\u00ab GDI \u00bb) (TSX: GDI) rappelle aux actionnaires et aux fond\u00e9s de pouvoir d\u00fbment nomm\u00e9s de GDI que son assembl\u00e9e annuelle des actionnaires se tiendra \u00e0 9 h...","og_url":"https:\/\/gdi.com\/fr\/rappel-gdi-services-aux-immeubles-inc-assemblee-annuelle-des-actionnaires\/","og_site_name":"GDI.com","article_publisher":"https:\/\/www.facebook.com\/GDIFacilityServices\/","article_published_time":"2020-05-06T22:49:00+00:00","og_image":[{"url":"https:\/\/rt.newswire.ca\/rt.gif?NewsItemId=C2726&amp;Transmission_Id=202005061749CANADANWCANADAPF_C2726&amp;DateId=20200506","type":"","width":"","height":""}],"author":"Sync Data","twitter_card":"summary_large_image","twitter_creator":"@GDIServices","twitter_site":"@GDIServices","schema":{"@context":"https:\/\/schema.org","@graph":[{"@type":"Article","@id":"https:\/\/gdi.com\/fr\/rappel-gdi-services-aux-immeubles-inc-assemblee-annuelle-des-actionnaires\/#article","isPartOf":{"@id":"https:\/\/gdi.com\/fr\/rappel-gdi-services-aux-immeubles-inc-assemblee-annuelle-des-actionnaires\/"},"author":{"name":"Sync Data","@id":"https:\/\/gdi.com\/fr\/#\/schema\/person\/47011ef394429b40a620a3240aa73e8f"},"headline":"Rappel \/ GDI Services aux immeubles inc.: assembl\u00e9e annuelle des actionnaires","datePublished":"2020-05-06T22:49:00+00:00","mainEntityOfPage":{"@id":"https:\/\/gdi.com\/fr\/rappel-gdi-services-aux-immeubles-inc-assemblee-annuelle-des-actionnaires\/"},"wordCount":337,"publisher":{"@id":"https:\/\/gdi.com\/fr\/#organization"},"image":{"@id":"https:\/\/gdi.com\/fr\/rappel-gdi-services-aux-immeubles-inc-assemblee-annuelle-des-actionnaires\/#primaryimage"},"thumbnailUrl":"https:\/\/rt.newswire.ca\/rt.gif?NewsItemId=C2726&amp;Transmission_Id=202005061749CANADANWCANADAPF_C2726&amp;DateId=20200506","inLanguage":"fr-FR"},{"@type":"WebPage","@id":"https:\/\/gdi.com\/fr\/rappel-gdi-services-aux-immeubles-inc-assemblee-annuelle-des-actionnaires\/","url":"https:\/\/gdi.com\/fr\/rappel-gdi-services-aux-immeubles-inc-assemblee-annuelle-des-actionnaires\/","name":"Rappel \/ GDI Services aux immeubles inc.: assembl\u00e9e annuelle des actionnaires - GDI.com","isPartOf":{"@id":"https:\/\/gdi.com\/fr\/#website"},"primaryImageOfPage":{"@id":"https:\/\/gdi.com\/fr\/rappel-gdi-services-aux-immeubles-inc-assemblee-annuelle-des-actionnaires\/#primaryimage"},"image":{"@id":"https:\/\/gdi.com\/fr\/rappel-gdi-services-aux-immeubles-inc-assemblee-annuelle-des-actionnaires\/#primaryimage"},"thumbnailUrl":"https:\/\/rt.newswire.ca\/rt.gif?NewsItemId=C2726&amp;Transmission_Id=202005061749CANADANWCANADAPF_C2726&amp;DateId=20200506","datePublished":"2020-05-06T22:49:00+00:00","breadcrumb":{"@id":"https:\/\/gdi.com\/fr\/rappel-gdi-services-aux-immeubles-inc-assemblee-annuelle-des-actionnaires\/#breadcrumb"},"inLanguage":"fr-FR","potentialAction":[{"@type":"ReadAction","target":["https:\/\/gdi.com\/fr\/rappel-gdi-services-aux-immeubles-inc-assemblee-annuelle-des-actionnaires\/"]}]},{"@type":"ImageObject","inLanguage":"fr-FR","@id":"https:\/\/gdi.com\/fr\/rappel-gdi-services-aux-immeubles-inc-assemblee-annuelle-des-actionnaires\/#primaryimage","url":"https:\/\/rt.newswire.ca\/rt.gif?NewsItemId=C2726&amp;Transmission_Id=202005061749CANADANWCANADAPF_C2726&amp;DateId=20200506","contentUrl":"https:\/\/rt.newswire.ca\/rt.gif?NewsItemId=C2726&amp;Transmission_Id=202005061749CANADANWCANADAPF_C2726&amp;DateId=20200506"},{"@type":"BreadcrumbList","@id":"https:\/\/gdi.com\/fr\/rappel-gdi-services-aux-immeubles-inc-assemblee-annuelle-des-actionnaires\/#breadcrumb","itemListElement":[{"@type":"ListItem","position":1,"name":"ACCUEIL","item":"https:\/\/gdi.com\/fr\/"},{"@type":"ListItem","position":2,"name":"Rappel \/ GDI Services aux immeubles inc.: assembl\u00e9e annuelle des actionnaires"}]},{"@type":"WebSite","@id":"https:\/\/gdi.com\/fr\/#website","url":"https:\/\/gdi.com\/fr\/","name":"GDI.com","description":"Janitorial Services | GDI Integrated Facility Services","publisher":{"@id":"https:\/\/gdi.com\/fr\/#organization"},"potentialAction":[{"@type":"SearchAction","target":{"@type":"EntryPoint","urlTemplate":"https:\/\/gdi.com\/fr\/?s={search_term_string}"},"query-input":{"@type":"PropertyValueSpecification","valueRequired":true,"valueName":"search_term_string"}}],"inLanguage":"fr-FR"},{"@type":"Organization","@id":"https:\/\/gdi.com\/fr\/#organization","name":"GDI Integrated Facility Services","url":"https:\/\/gdi.com\/fr\/","logo":{"@type":"ImageObject","inLanguage":"fr-FR","@id":"https:\/\/gdi.com\/fr\/#\/schema\/logo\/image\/","url":"https:\/\/gdi.com\/wp-content\/uploads\/2022\/04\/gdi-logo-color.svg","contentUrl":"https:\/\/gdi.com\/wp-content\/uploads\/2022\/04\/gdi-logo-color.svg","width":1,"height":1,"caption":"GDI Integrated Facility Services"},"image":{"@id":"https:\/\/gdi.com\/fr\/#\/schema\/logo\/image\/"},"sameAs":["https:\/\/www.facebook.com\/GDIFacilityServices\/","https:\/\/x.com\/GDIServices","https:\/\/www.instagram.com\/gdifacilityservices\/","https:\/\/www.linkedin.com\/company\/gdi-integrated-facility-services\/"]},{"@type":"Person","@id":"https:\/\/gdi.com\/fr\/#\/schema\/person\/47011ef394429b40a620a3240aa73e8f","name":"Sync Data","image":{"@type":"ImageObject","inLanguage":"fr-FR","@id":"https:\/\/gdi.com\/fr\/#\/schema\/person\/image\/","url":"https:\/\/secure.gravatar.com\/avatar\/fb098e1319986f96a340ee3893fe81538e902d33781ff036e440f277e999a9ea?s=96&d=mm&r=g","contentUrl":"https:\/\/secure.gravatar.com\/avatar\/fb098e1319986f96a340ee3893fe81538e902d33781ff036e440f277e999a9ea?s=96&d=mm&r=g","caption":"Sync Data"},"url":"https:\/\/gdi.com\/fr\/author\/bot\/"}]}},"_links":{"self":[{"href":"https:\/\/gdi.com\/fr\/wp-json\/wp\/v2\/posts\/8370","targetHints":{"allow":["GET"]}}],"collection":[{"href":"https:\/\/gdi.com\/fr\/wp-json\/wp\/v2\/posts"}],"about":[{"href":"https:\/\/gdi.com\/fr\/wp-json\/wp\/v2\/types\/post"}],"author":[{"embeddable":true,"href":"https:\/\/gdi.com\/fr\/wp-json\/wp\/v2\/users\/48"}],"replies":[{"embeddable":true,"href":"https:\/\/gdi.com\/fr\/wp-json\/wp\/v2\/comments?post=8370"}],"version-history":[{"count":0,"href":"https:\/\/gdi.com\/fr\/wp-json\/wp\/v2\/posts\/8370\/revisions"}],"wp:attachment":[{"href":"https:\/\/gdi.com\/fr\/wp-json\/wp\/v2\/media?parent=8370"}],"wp:term":[{"taxonomy":"category","embeddable":true,"href":"https:\/\/gdi.com\/fr\/wp-json\/wp\/v2\/categories?post=8370"},{"taxonomy":"post_tag","embeddable":true,"href":"https:\/\/gdi.com\/fr\/wp-json\/wp\/v2\/tags?post=8370"}],"curies":[{"name":"wp","href":"https:\/\/api.w.org\/{rel}","templated":true}]}}